{"id":1147,"date":"2020-12-11T12:53:58","date_gmt":"2020-12-11T12:53:58","guid":{"rendered":"http:\/\/rat-blog.at\/?p=1147"},"modified":"2023-07-06T09:49:20","modified_gmt":"2023-07-06T09:49:20","slug":"zum-stand-der-aufnahme-von-gefluchteten-aus-moria","status":"publish","type":"post","link":"https:\/\/rat-blog.univie.ac.at\/?p=1147","title":{"rendered":"Zum Stand der Aufnahme von Gefl\u00fcchteten aus Moria"},"content":{"rendered":"<div class=\"wp-block-image size-large\">\n<figure class=\"aligncenter is-resized\"><img loading=\"lazy\" decoding=\"async\" src=\"https:\/\/rat-blog.univie.ac.at\/wp-content\/uploads\/2020\/12\/city-438393_1920.jpg?w=1024\" alt=\"\" class=\"wp-image-1149\" width=\"671\" height=\"445\" srcset=\"https:\/\/rat-blog.univie.ac.at\/wp-content\/uploads\/2020\/12\/city-438393_1920.jpg 1920w, https:\/\/rat-blog.univie.ac.at\/wp-content\/uploads\/2020\/12\/city-438393_1920-300x199.jpg 300w, https:\/\/rat-blog.univie.ac.at\/wp-content\/uploads\/2020\/12\/city-438393_1920-1024x680.jpg 1024w, https:\/\/rat-blog.univie.ac.at\/wp-content\/uploads\/2020\/12\/city-438393_1920-768x510.jpg 768w, https:\/\/rat-blog.univie.ac.at\/wp-content\/uploads\/2020\/12\/city-438393_1920-1536x1020.jpg 1536w\" sizes=\"auto, (max-width: 671px) 100vw, 671px\" \/><\/figure>\n<\/div>\n\n\n<p class=\"wp-block-paragraph\"><em>Start einer Reihe von Beitr\u00e4gen zum Thema. Von<strong> Sieglinde Rosenberger<\/strong>.<\/em><\/p>\n\n\n\n<!--more-->\n\n\n\n<p class=\"wp-block-paragraph\">Nach dem Brand in Moria (9. September 2020) sprachen sich Mitglieder der \u00f6sterreichischen Bundesregierung gegen eine Emotionalisierung aus und versuchten mit dem Argument der Sachlichkeit, aufkommenden Forderungen nach Aufnahme von Gefl\u00fcchteten zu begegnen. Dennoch gab und gibt es Ersuchen und Aufforderungen, aktiv zu werden. Die katholischen Bisch\u00f6fe verlangten angesichts der menschlichen Trag\u00f6die die Aufnahme eines fairen Kontingents von Fl\u00fcchtlingen und boten an, verzweifelte Menschen in den kirchlichen Einrichtungen und R\u00e4umen zu beherbergen. Denn es sei nicht die Zeit f\u00fcr politische Kalk\u00fcle, sondern es sei Zeit f\u00fcr Hilfe. Auch die Evangelische Kirche A.B. richtete dringende Appelle an die Regierung, Fl\u00fcchtlinge zu evakuieren.<\/p>\n\n\n\n<p class=\"wp-block-paragraph\">Eine Reihe von zivilgesellschaftlichen Initiativen sind seither aktiv, die \u00f6sterreichische Bundesregierung darin zu unterst\u00fctzen, der Menschlichkeit bzw. der Menschenw\u00fcrde Raum zu geben. So engagiert sich die in Tirol basierte Initiative \u201eWir w\u00e4hlen Menschlichkeit\u201c f\u00fcr Unterbringung vor Ort, n\u00e4mlich hier, sozusagen bei \u201euns\u201c und nicht \u201edort\u201c. Die Gruppe positioniert \u201eMenschlichkeit\u201c anstelle von \u201eAbschreckung\u201c als gesellschaftliches Grundverst\u00e4ndnis. Einige Pfarren h\u00e4ngten die schwarze Fahne auf den Kirchturm, um Solidarit\u00e4t zu zeigen und um zu zeigen, dass die unmenschliche Politik nicht hingenommen werde (<a href=\"https:\/\/wir-w\u00e4hlen-menschlichkeit.at\/)\">https:\/\/wir-w\u00e4hlen-menschlichkeit.at\/)<\/a>.<\/p>\n\n\n\n<p class=\"wp-block-paragraph\">Die diversen Initiativen fordern aber nicht nur, sie haben eines gemeinsam: Sie bieten Raum an, sie bieten Unterst\u00fctzung und Begleitung an. Pfarren und Gemeinden weisen darauf hin, dass es freien Platz g\u00e4be, dass Infrastruktur f\u00fcr die Aufnahme vorhanden sei.<\/p>\n\n\n\n<p class=\"wp-block-paragraph\">Dennoch denkt die \u00f6sterreichische Bundesregierung nicht daran, Menschen \u2013 Kinder, unbegleitete Jugendliche, Kranke \u2013 aufzunehmen. Sie verharrt starr im Abschreckungsnarrativ. \u00d6sterreich d\u00fcrfe keine Signale der Aufnahme schicken. Da dr\u00e4ngt sich die Frage auf, in welchen Zustand sollen Europa \/ \u00d6sterreich gebracht werden, damit sie nicht mehr attraktiv sind, sondern abschreckend wirken? Aber nicht alle wollen diese schlechte Verfassung. Deshalb gibt es die Initiativen, die dem offiziellen Prinzip der \u201eAbschreckung\u201c jenes der \u201eMenschlichkeit\u201c gegen\u00fcberstellen, die der offiziellen \u201eHilfe vor Ort\u201c (n\u00e4mlich in Griechenland), tats\u00e4chlich \u201eHilfe vor Ort\u201c, n\u00e4mlich hier, bei uns, entgegenstellen.<\/p>\n\n\n\n<p class=\"wp-block-paragraph\">Noch aber hat sich die \u00f6sterreichische Bundesregierung nicht bewegt. Der Stand der Politik zur Aufnahme von Gefl\u00fcchteten Anfang Dezember ist unver\u00e4ndert. Ich werde bis Weihnachten w\u00f6chentlich \u00fcber neuere Entwicklungen in dieser Angelegenheit berichten.<\/p>\n\n\n\n<p class=\"wp-block-paragraph\"><\/p>\n\n\n\n<p class=\"wp-block-paragraph\"><\/p>\n\n\n\n<p class=\"wp-block-paragraph\">Bildquelle: pixabay<\/p>\n\n\n\n<hr class=\"wp-block-separator has-css-opacity\"\/>\n\n\n\n<p class=\"wp-block-paragraph\"><strong>Rat-Blog Nr. 27\/2020<\/strong><\/p>\n","protected":false},"excerpt":{"rendered":"<p>Start einer Reihe von Beitr\u00e4gen zum Thema. Von Sieglinde Rosenberger.<\/p>\n","protected":false},"author":1,"featured_media":0,"comment_status":"closed","ping_status":"open","sticky":false,"template":"","format":"standard","meta":{"footnotes":""},"categories":[3,158,143],"tags":[204,203,71,76,85],"ppma_author":[327],"class_list":["post-1147","post","type-post","status-publish","format-standard","hentry","category-beitraege","category-migration","category-politik","tag-gemeinschaft-und-sozialer-zusammenhalt","tag-gesellschaft","tag-macht-und-ohnmacht","tag-migration-und-integration","tag-politik","eq-blocks"],"authors":[{"term_id":327,"user_id":0,"is_guest":1,"slug":"sieglinde-rosenberger","display_name":"Sieglinde Rosenberger","avatar_url":"https:\/\/secure.gravatar.com\/avatar\/?s=96&d=mm&r=g","author_category":"","user_url":"","last_name":"Rosenberger","first_name":"Sieglinde","job_title":"","description":"Sieglinde Rosenberger ist Politikwissenschafterin mit Schwerpunkt Migration, Asyl und Partizipation\/Proteste an der Universit\u00e4t Wien."}],"_links":{"self":[{"href":"https:\/\/rat-blog.univie.ac.at\/index.php?rest_route=\/wp\/v2\/posts\/1147","targetHints":{"allow":["GET"]}}],"collection":[{"href":"https:\/\/rat-blog.univie.ac.at\/index.php?rest_route=\/wp\/v2\/posts"}],"about":[{"href":"https:\/\/rat-blog.univie.ac.at\/index.php?rest_route=\/wp\/v2\/types\/post"}],"author":[{"embeddable":true,"href":"https:\/\/rat-blog.univie.ac.at\/index.php?rest_route=\/wp\/v2\/users\/1"}],"replies":[{"embeddable":true,"href":"https:\/\/rat-blog.univie.ac.at\/index.php?rest_route=%2Fwp%2Fv2%2Fcomments&post=1147"}],"version-history":[{"count":3,"href":"https:\/\/rat-blog.univie.ac.at\/index.php?rest_route=\/wp\/v2\/posts\/1147\/revisions"}],"predecessor-version":[{"id":3469,"href":"https:\/\/rat-blog.univie.ac.at\/index.php?rest_route=\/wp\/v2\/posts\/1147\/revisions\/3469"}],"wp:attachment":[{"href":"https:\/\/rat-blog.univie.ac.at\/index.php?rest_route=%2Fwp%2Fv2%2Fmedia&parent=1147"}],"wp:term":[{"taxonomy":"category","embeddable":true,"href":"https:\/\/rat-blog.univie.ac.at\/index.php?rest_route=%2Fwp%2Fv2%2Fcategories&post=1147"},{"taxonomy":"post_tag","embeddable":true,"href":"https:\/\/rat-blog.univie.ac.at\/index.php?rest_route=%2Fwp%2Fv2%2Ftags&post=1147"},{"taxonomy":"author","embeddable":true,"href":"https:\/\/rat-blog.univie.ac.at\/index.php?rest_route=%2Fwp%2Fv2%2Fppma_author&post=1147"}],"curies":[{"name":"wp","href":"https:\/\/api.w.org\/{rel}","templated":true}]}}